{"id":1763,"date":"2019-10-13T19:28:58","date_gmt":"2019-10-13T17:28:58","guid":{"rendered":"http:\/\/transferiva.de\/blog\/?p=1763"},"modified":"2019-12-03T17:43:36","modified_gmt":"2019-12-03T16:43:36","slug":"was-macht-marcelinho-heute","status":"publish","type":"post","link":"https:\/\/transferiva.de\/blog\/was-macht-marcelinho-heute\/","title":{"rendered":"Was macht Hertha-Star Marcelinho heute? | Fu\u00dfball-Stars gestern &#038; heute"},"content":{"rendered":"<div id=\"pl-1763\"  class=\"panel-layout\" ><div id=\"pg-1763-0\"  class=\"panel-grid panel-no-style\" ><div id=\"pgc-1763-0-0\"  class=\"panel-grid-cell\" ><div id=\"panel-1763-0-0-0\" class=\"so-panel widget widget_sow-editor panel-first-child panel-last-child\" data-index=\"0\" ><div\n\t\t\t\n\t\t\tclass=\"so-widget-sow-editor so-widget-sow-editor-base\"\n\t\t\t\n\t\t>\n<div class=\"siteorigin-widget-tinymce textwidget\">\n\t<h1>Was macht Hertha-Star Marcelinho heute - 2019?<\/h1>\n<p><script async src=\"https:\/\/pagead2.googlesyndication.com\/pagead\/js\/adsbygoogle.js\"><\/script><br \/>\n<!-- feste gr\u00f6\u00dfe 800x450 --><br \/>\n<ins class=\"adsbygoogle\" style=\"display: inline-block; width: 800px; height: 450px;\" data-ad-client=\"ca-pub-8906472194872732\" data-ad-slot=\"8475007770\"><\/ins><br \/>\n<script>\n     (adsbygoogle = window.adsbygoogle || []).push({});\n<\/script><\/p>\n<p>In diesem Artikel m\u00f6chten wir euch n\u00e4her davon berichten, was der ehemalige Hertha-Kicker Marcelinho aus Brasilien heute im Jahr 2019 macht. Aus Anlass seines wohl kurz bevorstehenden Karriereendes sind wir f\u00fcr euch dieser Frage nachgegangen. Ja, ihr habt richtig geh\u00f6rt, Marcelinho spielt tats\u00e4chlich mit 44 Jahren immer noch professionellen Fu\u00dfball. Zwar in keiner Topliga mehr, aber immerhin hat er bis zum heutigen Tage mit Fu\u00dfball spielen weiterhin Geld verdient.<\/p>\n<p>&nbsp;<\/p>\n<p><img loading=\"lazy\" decoding=\"async\" src=\"https:\/\/transferiva.de\/blog\/wp-content\/uploads\/2019\/10\/Marcelinho-Hertha-Brasilien.jpg\" alt=\"Marcelinho Hertha heute\" class=\"aligncenter wp-image-1863 size-full\" width=\"276\" height=\"427\" \/><\/p>\n<p>&nbsp;<\/p>\n<h2>Welche Karrierestationen hat Marcelinho seit seiner Hertha-Zeit durchlaufen?<\/h2>\n<p>Nach dem Ende seiner Zeit bei Hertha BSC war Marcelinho bei einer Vielzahl von Vereinen unter Vertrag, die meisten dieser Vereine aus seiner Heimat Brasilien. Zur Saison 2006\/2007 wechselte Marcelinho von Hertha BSC Berlin zun\u00e4chst in die t\u00fcrkische S\u00fcper Lig zu Trabzonspor, bevor er f\u00fcr die Saison 2007\/2008 f\u00fcr ein letztes Mal in die Bundesliga zur\u00fcckkehrte und bei den W\u00f6lfen aus Wolfsburg kickte. Nach dieser einj\u00e4hrigen R\u00fcckkehr in die Bundesliga ging es dann zur\u00fcck in die Heimat Brasilien, wo er bis heute geblieben ist.<\/p>\n<p><script async src=\"https:\/\/pagead2.googlesyndication.com\/pagead\/js\/adsbygoogle.js\"><\/script><br \/>\n<!-- displayanzeige horizontal blog --><br \/>\n<ins class=\"adsbygoogle\" style=\"display: block;\" data-ad-client=\"ca-pub-8906472194872732\" data-ad-slot=\"4213981522\" data-ad-format=\"auto\" data-full-width-responsive=\"true\"><\/ins><br \/>\n<script>\n     (adsbygoogle = window.adsbygoogle || []).push({});\n<\/script><br \/>\nZun\u00e4chst spielte er in der ersten brasilianische Liga bei Flamengo Rio de Janeiro. Im Anschluss wechselte Marcelinho innerhalb Brasiliens fast j\u00e4hrlich den Verein und spielte f\u00fcr zahlreiche Vereine der ersten und zweiten brasilianischen Liga. Im Jahr 2017 landete er dann erstmals beim FC Treze aus seiner Heimatstadt Campina Grande. Mit Ausnahme von zwei kurzen Gastspielen bei anderen Vereinen, kickt Marcelinho bis heute in der dritten brasilianischen Liga f\u00fcr den FC Treze. Er ist dort Kapit\u00e4n und genie\u00dft bei den Fans h\u00f6chstes Ansehen. Zwar sieht Marcelinho auch mit 44 Jahren noch immer topfit aus, allerdings merkt auch er, dass 30 Jahre Leistungssport ihren Tribut fordern und er deshalb seine Fu\u00dfballschuhe - zumindest was den Profifu\u00dfball angeht - wohl nach dieser Saison 2019\/2020 f\u00fcr immer an den Nagel h\u00e4ngen wird.<\/p>\n<p><script async src=\"https:\/\/pagead2.googlesyndication.com\/pagead\/js\/adsbygoogle.js\"><\/script><br \/>\n<!-- displayanzeige horizontal blog --><br \/>\n<ins class=\"adsbygoogle\" style=\"display: block;\" data-ad-client=\"ca-pub-8906472194872732\" data-ad-slot=\"4213981522\" data-ad-format=\"auto\" data-full-width-responsive=\"true\"><\/ins><br \/>\n<script>\n     (adsbygoogle = window.adsbygoogle || []).push({});\n<\/script><br \/>\n&nbsp;<\/p>\n<p><em><span style=\"color: #808000;\">&gt;&gt; Wenn ihr euch daf\u00fcr interessiert, was andere Fu\u00dfball-Legenden - wie z.B. <a href=\"https:\/\/transferiva.de\/blog\/ronaldo-aus-brasilien-heute\/\" target=\"_blank\" style=\"color: #808000;\" rel=\"noopener\"><span style=\"text-decoration: underline;\">Ronaldo<\/span><\/a> - so machen, dann klickt euch dort gerne mal rein.<\/span><\/em><\/p>\n<p>&nbsp;<\/p>\n<p>&nbsp;<\/p>\n<h2>Wie bleibt Marcelinho den Fans in Erinnerung?<\/h2>\n<p>Marcelinho war zu seiner Zeit bei Hertha BSC Berlin DER Paradiesvogel der Bundesliga. Optisch bleibt den Fans vor allem seine auff\u00e4llige und meist sehr bunte Haarpracht sowie sein auff\u00e4lliges Schuhwerk in Erinnerung. Sportlich war er zu seiner Zeit bei Hertha und dem einj\u00e4hrigen Gastspiel in Wolfsburg einer der beste Bundesligakicker. Marcelinho war der strategische Mittelfeldmotor bei Hertha und zugleich technisch hoch beschlagen. Seine Freist\u00f6\u00dfe, Ecken und Elfmeter werden nicht nur in Berlin noch lange in Erinnerung bleiben. Einmalig bleibt wohl sein Tor vom Ansto\u00dfpunkt aus etwa 50 Metern gegen den SC Freiburg in der Saison 2004\/2005.<\/p>\n<p>Genau diese Verspieltheit und Schlitzohrigkeit zeichnete Marcelinho aus und machte ihn bei Fans und Mitspielern \u00e4u\u00dferst beliebt. Marcelinhos Beliebtheit zeigte sich nicht zuletzt bei einem gro\u00dfen Abschiedsspiel im Berliner Olympiastadion im Jahr 2017, zu dem trotz der etlichen Jahre, die seit seiner Zeit bei Hertha vergangen waren, 30.000 Fans ins Stadion kamen, um dem Brasilianer zu huldigen.<\/p>\n<p>&nbsp;<\/p>\n<p><iframe loading=\"lazy\" width=\"560\" height=\"315\" src=\"https:\/\/www.youtube.com\/embed\/CCSNSzxloH4?start=45\" frameborder=\"0\" allow=\"accelerometer; autoplay; encrypted-media; gyroscope; picture-in-picture\" allowfullscreen=\"allowfullscreen\"><\/iframe><\/p>\n<p>&nbsp;<\/p>\n<h2>Was bringt die Zukunft f\u00fcr Marcelinho?<\/h2>\n<p>&nbsp;<br \/>\n<script async src=\"https:\/\/pagead2.googlesyndication.com\/pagead\/js\/adsbygoogle.js\"><\/script><br \/>\n<!-- displayanzeige horizontal blog --><br \/>\n<ins class=\"adsbygoogle\" style=\"display: block;\" data-ad-client=\"ca-pub-8906472194872732\" data-ad-slot=\"4213981522\" data-ad-format=\"auto\" data-full-width-responsive=\"true\"><\/ins><br \/>\n<script>\n     (adsbygoogle = window.adsbygoogle || []).push({});\n<\/script><br \/>\n&nbsp;<\/p>\n<p>Das wird sich demn\u00e4chst zeigen, wobei der Fu\u00dfballer schon jetzt 2019 einige Ideen f\u00fcr Zukunft hat. Grunds\u00e4tzlich ist davon auszugehen, dass Marcelinho sich wieder in seiner Heimat Brasilien, genau in Campina Grande, im \u00e4u\u00dfersten Osten Brasiliens niederlassen wird. Dort hat Marcelinho seine Familie und Freunde und f\u00fchlt sich deshalb dort auch am wohlsten. Wie viele Brasilianer ist er \u00e4u\u00dferst heimat- und familienverbunden. Ab Januar 2020 wird Marcelinho zun\u00e4chst einen Trainerkurs belegen. Im \u00dcbrigen denkt er dar\u00fcber nach, sich in den Stadtrat von Campina Grande w\u00e4hlen zu lassen, um seiner Heimatstadt auch nach seiner Karriere etwas zur\u00fcckzugeben. Wir sind gespannt und bleiben dran, wie es bei Marcelinho nach seiner langen Fu\u00dfballkarriere weiter gehen wird.<\/p>\n<\/div>\n<\/div><\/div><\/div><\/div><\/div>","protected":false},"excerpt":{"rendered":"<p>Was macht Hertha-Star Marcelinho heute &#8211; 2019? In diesem Artikel m\u00f6chten wir euch n\u00e4her davon berichten, was der ehemalige Hertha-Kicker Marcelinho aus Brasilien heute im Jahr 2019 macht. Aus Anlass seines wohl kurz bevorstehenden Karriereendes sind wir f\u00fcr euch dieser Frage nachgegangen. Ja, ihr habt richtig geh\u00f6rt, Marcelinho spielt tats\u00e4chlich [&hellip;]<\/p>\n","protected":false},"author":1,"featured_media":1864,"comment_status":"open","ping_status":"open","sticky":false,"template":"","format":"standard","meta":{"footnotes":""},"categories":[10],"tags":[],"class_list":["post-1763","post","type-post","status-publish","format-standard","has-post-thumbnail","hentry","category-stars-gestern-und-heute"],"yoast_head":"<!-- This site is optimized with the Yoast SEO plugin v24.0 - https:\/\/yoast.com\/wordpress\/plugins\/seo\/ -->\n<title>Was macht Hertha-Star Marcelinho heute? | Fu\u00dfball-Stars gestern &amp; heute<\/title>\n<meta name=\"description\" content=\"Hier berichten wir euch, was der ehemalige Kicker von Hertha BSC Berlin, Marcelinho heute macht und blicken zur\u00fcck auf seine lange Karriere.\" \/>\n<meta name=\"robots\" content=\"index, follow, max-snippet:-1, max-image-preview:large, max-video-preview:-1\" \/>\n<link rel=\"canonical\" href=\"https:\/\/transferiva.de\/blog\/was-macht-marcelinho-heute\/\" \/>\n<meta property=\"og:locale\" content=\"de_DE\" \/>\n<meta property=\"og:type\" content=\"article\" \/>\n<meta property=\"og:title\" content=\"Was macht Hertha-Star Marcelinho heute? | Fu\u00dfball-Stars gestern &amp; heute\" \/>\n<meta property=\"og:description\" content=\"Hier berichten wir euch, was der ehemalige Kicker von Hertha BSC Berlin, Marcelinho heute macht und blicken zur\u00fcck auf seine lange Karriere.\" \/>\n<meta property=\"og:url\" content=\"https:\/\/transferiva.de\/blog\/was-macht-marcelinho-heute\/\" \/>\n<meta property=\"article:published_time\" content=\"2019-10-13T17:28:58+00:00\" \/>\n<meta property=\"article:modified_time\" content=\"2019-12-03T16:43:36+00:00\" \/>\n<meta property=\"og:image\" content=\"https:\/\/transferiva.de\/blog\/wp-content\/uploads\/2019\/10\/hertha-bsc-berlin.jpg\" \/>\n\t<meta property=\"og:image:width\" content=\"960\" \/>\n\t<meta property=\"og:image:height\" content=\"720\" \/>\n\t<meta property=\"og:image:type\" content=\"image\/jpeg\" \/>\n<meta name=\"author\" content=\"Daniel\" \/>\n<meta name=\"twitter:card\" content=\"summary_large_image\" \/>\n<meta name=\"twitter:label1\" content=\"Verfasst von\" \/>\n\t<meta name=\"twitter:data1\" content=\"Daniel\" \/>\n\t<meta name=\"twitter:label2\" content=\"Gesch\u00e4tzte Lesezeit\" \/>\n\t<meta name=\"twitter:data2\" content=\"3\u00a0Minuten\" \/>\n<script type=\"application\/ld+json\" class=\"yoast-schema-graph\">{\"@context\":\"https:\/\/schema.org\",\"@graph\":[{\"@type\":\"WebPage\",\"@id\":\"https:\/\/transferiva.de\/blog\/was-macht-marcelinho-heute\/\",\"url\":\"https:\/\/transferiva.de\/blog\/was-macht-marcelinho-heute\/\",\"name\":\"Was macht Hertha-Star Marcelinho heute? | Fu\u00dfball-Stars gestern & heute\",\"isPartOf\":{\"@id\":\"https:\/\/transferiva.de\/blog\/#website\"},\"primaryImageOfPage\":{\"@id\":\"https:\/\/transferiva.de\/blog\/was-macht-marcelinho-heute\/#primaryimage\"},\"image\":{\"@id\":\"https:\/\/transferiva.de\/blog\/was-macht-marcelinho-heute\/#primaryimage\"},\"thumbnailUrl\":\"https:\/\/transferiva.de\/blog\/wp-content\/uploads\/2019\/10\/hertha-bsc-berlin.jpg\",\"datePublished\":\"2019-10-13T17:28:58+00:00\",\"dateModified\":\"2019-12-03T16:43:36+00:00\",\"author\":{\"@id\":\"https:\/\/transferiva.de\/blog\/#\/schema\/person\/3489a5550df547e988a447275894c9c8\"},\"description\":\"Hier berichten wir euch, was der ehemalige Kicker von Hertha BSC Berlin, Marcelinho heute macht und blicken zur\u00fcck auf seine lange Karriere.\",\"breadcrumb\":{\"@id\":\"https:\/\/transferiva.de\/blog\/was-macht-marcelinho-heute\/#breadcrumb\"},\"inLanguage\":\"de\",\"potentialAction\":[{\"@type\":\"ReadAction\",\"target\":[\"https:\/\/transferiva.de\/blog\/was-macht-marcelinho-heute\/\"]}]},{\"@type\":\"ImageObject\",\"inLanguage\":\"de\",\"@id\":\"https:\/\/transferiva.de\/blog\/was-macht-marcelinho-heute\/#primaryimage\",\"url\":\"https:\/\/transferiva.de\/blog\/wp-content\/uploads\/2019\/10\/hertha-bsc-berlin.jpg\",\"contentUrl\":\"https:\/\/transferiva.de\/blog\/wp-content\/uploads\/2019\/10\/hertha-bsc-berlin.jpg\",\"width\":960,\"height\":720,\"caption\":\"hertha bsc star marcelinho\"},{\"@type\":\"BreadcrumbList\",\"@id\":\"https:\/\/transferiva.de\/blog\/was-macht-marcelinho-heute\/#breadcrumb\",\"itemListElement\":[{\"@type\":\"ListItem\",\"position\":1,\"name\":\"Startseite\",\"item\":\"https:\/\/transferiva.de\/blog\/\"},{\"@type\":\"ListItem\",\"position\":2,\"name\":\"Was macht Hertha-Star Marcelinho heute? | Fu\u00dfball-Stars gestern &#038; heute\"}]},{\"@type\":\"WebSite\",\"@id\":\"https:\/\/transferiva.de\/blog\/#website\",\"url\":\"https:\/\/transferiva.de\/blog\/\",\"name\":\"\",\"description\":\"Der Fu\u00dfball und seine Geschichten  - Portraits, Hintergr\u00fcnde, Produkte &amp; Rankings\",\"potentialAction\":[{\"@type\":\"SearchAction\",\"target\":{\"@type\":\"EntryPoint\",\"urlTemplate\":\"https:\/\/transferiva.de\/blog\/?s={search_term_string}\"},\"query-input\":{\"@type\":\"PropertyValueSpecification\",\"valueRequired\":true,\"valueName\":\"search_term_string\"}}],\"inLanguage\":\"de\"},{\"@type\":\"Person\",\"@id\":\"https:\/\/transferiva.de\/blog\/#\/schema\/person\/3489a5550df547e988a447275894c9c8\",\"name\":\"Daniel\",\"image\":{\"@type\":\"ImageObject\",\"inLanguage\":\"de\",\"@id\":\"https:\/\/transferiva.de\/blog\/#\/schema\/person\/image\/\",\"url\":\"https:\/\/secure.gravatar.com\/avatar\/64786034bb328158f52d1120502b638e?s=96&d=mm&r=g\",\"contentUrl\":\"https:\/\/secure.gravatar.com\/avatar\/64786034bb328158f52d1120502b638e?s=96&d=mm&r=g\",\"caption\":\"Daniel\"},\"url\":\"https:\/\/transferiva.de\/blog\/author\/web23574778\/\"}]}<\/script>\n<!-- \/ Yoast SEO plugin. -->","yoast_head_json":{"title":"Was macht Hertha-Star Marcelinho heute? | Fu\u00dfball-Stars gestern & heute","description":"Hier berichten wir euch, was der ehemalige Kicker von Hertha BSC Berlin, Marcelinho heute macht und blicken zur\u00fcck auf seine lange Karriere.","robots":{"index":"index","follow":"follow","max-snippet":"max-snippet:-1","max-image-preview":"max-image-preview:large","max-video-preview":"max-video-preview:-1"},"canonical":"https:\/\/transferiva.de\/blog\/was-macht-marcelinho-heute\/","og_locale":"de_DE","og_type":"article","og_title":"Was macht Hertha-Star Marcelinho heute? | Fu\u00dfball-Stars gestern & heute","og_description":"Hier berichten wir euch, was der ehemalige Kicker von Hertha BSC Berlin, Marcelinho heute macht und blicken zur\u00fcck auf seine lange Karriere.","og_url":"https:\/\/transferiva.de\/blog\/was-macht-marcelinho-heute\/","article_published_time":"2019-10-13T17:28:58+00:00","article_modified_time":"2019-12-03T16:43:36+00:00","og_image":[{"width":960,"height":720,"url":"https:\/\/transferiva.de\/blog\/wp-content\/uploads\/2019\/10\/hertha-bsc-berlin.jpg","type":"image\/jpeg"}],"author":"Daniel","twitter_card":"summary_large_image","twitter_misc":{"Verfasst von":"Daniel","Gesch\u00e4tzte Lesezeit":"3\u00a0Minuten"},"schema":{"@context":"https:\/\/schema.org","@graph":[{"@type":"WebPage","@id":"https:\/\/transferiva.de\/blog\/was-macht-marcelinho-heute\/","url":"https:\/\/transferiva.de\/blog\/was-macht-marcelinho-heute\/","name":"Was macht Hertha-Star Marcelinho heute? | Fu\u00dfball-Stars gestern & heute","isPartOf":{"@id":"https:\/\/transferiva.de\/blog\/#website"},"primaryImageOfPage":{"@id":"https:\/\/transferiva.de\/blog\/was-macht-marcelinho-heute\/#primaryimage"},"image":{"@id":"https:\/\/transferiva.de\/blog\/was-macht-marcelinho-heute\/#primaryimage"},"thumbnailUrl":"https:\/\/transferiva.de\/blog\/wp-content\/uploads\/2019\/10\/hertha-bsc-berlin.jpg","datePublished":"2019-10-13T17:28:58+00:00","dateModified":"2019-12-03T16:43:36+00:00","author":{"@id":"https:\/\/transferiva.de\/blog\/#\/schema\/person\/3489a5550df547e988a447275894c9c8"},"description":"Hier berichten wir euch, was der ehemalige Kicker von Hertha BSC Berlin, Marcelinho heute macht und blicken zur\u00fcck auf seine lange Karriere.","breadcrumb":{"@id":"https:\/\/transferiva.de\/blog\/was-macht-marcelinho-heute\/#breadcrumb"},"inLanguage":"de","potentialAction":[{"@type":"ReadAction","target":["https:\/\/transferiva.de\/blog\/was-macht-marcelinho-heute\/"]}]},{"@type":"ImageObject","inLanguage":"de","@id":"https:\/\/transferiva.de\/blog\/was-macht-marcelinho-heute\/#primaryimage","url":"https:\/\/transferiva.de\/blog\/wp-content\/uploads\/2019\/10\/hertha-bsc-berlin.jpg","contentUrl":"https:\/\/transferiva.de\/blog\/wp-content\/uploads\/2019\/10\/hertha-bsc-berlin.jpg","width":960,"height":720,"caption":"hertha bsc star marcelinho"},{"@type":"BreadcrumbList","@id":"https:\/\/transferiva.de\/blog\/was-macht-marcelinho-heute\/#breadcrumb","itemListElement":[{"@type":"ListItem","position":1,"name":"Startseite","item":"https:\/\/transferiva.de\/blog\/"},{"@type":"ListItem","position":2,"name":"Was macht Hertha-Star Marcelinho heute? | Fu\u00dfball-Stars gestern &#038; heute"}]},{"@type":"WebSite","@id":"https:\/\/transferiva.de\/blog\/#website","url":"https:\/\/transferiva.de\/blog\/","name":"","description":"Der Fu\u00dfball und seine Geschichten  - Portraits, Hintergr\u00fcnde, Produkte &amp; Rankings","potentialAction":[{"@type":"SearchAction","target":{"@type":"EntryPoint","urlTemplate":"https:\/\/transferiva.de\/blog\/?s={search_term_string}"},"query-input":{"@type":"PropertyValueSpecification","valueRequired":true,"valueName":"search_term_string"}}],"inLanguage":"de"},{"@type":"Person","@id":"https:\/\/transferiva.de\/blog\/#\/schema\/person\/3489a5550df547e988a447275894c9c8","name":"Daniel","image":{"@type":"ImageObject","inLanguage":"de","@id":"https:\/\/transferiva.de\/blog\/#\/schema\/person\/image\/","url":"https:\/\/secure.gravatar.com\/avatar\/64786034bb328158f52d1120502b638e?s=96&d=mm&r=g","contentUrl":"https:\/\/secure.gravatar.com\/avatar\/64786034bb328158f52d1120502b638e?s=96&d=mm&r=g","caption":"Daniel"},"url":"https:\/\/transferiva.de\/blog\/author\/web23574778\/"}]}},"_links":{"self":[{"href":"https:\/\/transferiva.de\/blog\/wp-json\/wp\/v2\/posts\/1763","targetHints":{"allow":["GET"]}}],"collection":[{"href":"https:\/\/transferiva.de\/blog\/wp-json\/wp\/v2\/posts"}],"about":[{"href":"https:\/\/transferiva.de\/blog\/wp-json\/wp\/v2\/types\/post"}],"author":[{"embeddable":true,"href":"https:\/\/transferiva.de\/blog\/wp-json\/wp\/v2\/users\/1"}],"replies":[{"embeddable":true,"href":"https:\/\/transferiva.de\/blog\/wp-json\/wp\/v2\/comments?post=1763"}],"version-history":[{"count":20,"href":"https:\/\/transferiva.de\/blog\/wp-json\/wp\/v2\/posts\/1763\/revisions"}],"predecessor-version":[{"id":2710,"href":"https:\/\/transferiva.de\/blog\/wp-json\/wp\/v2\/posts\/1763\/revisions\/2710"}],"wp:featuredmedia":[{"embeddable":true,"href":"https:\/\/transferiva.de\/blog\/wp-json\/wp\/v2\/media\/1864"}],"wp:attachment":[{"href":"https:\/\/transferiva.de\/blog\/wp-json\/wp\/v2\/media?parent=1763"}],"wp:term":[{"taxonomy":"category","embeddable":true,"href":"https:\/\/transferiva.de\/blog\/wp-json\/wp\/v2\/categories?post=1763"},{"taxonomy":"post_tag","embeddable":true,"href":"https:\/\/transferiva.de\/blog\/wp-json\/wp\/v2\/tags?post=1763"}],"curies":[{"name":"wp","href":"https:\/\/api.w.org\/{rel}","templated":true}]}}