{"id":3226,"date":"2020-03-12T21:30:26","date_gmt":"2020-03-12T20:30:26","guid":{"rendered":"http:\/\/transferiva.de\/blog\/?p=3226"},"modified":"2020-03-18T15:39:27","modified_gmt":"2020-03-18T14:39:27","slug":"giovanni-trapattoni-rede","status":"publish","type":"post","link":"https:\/\/transferiva.de\/blog\/giovanni-trapattoni-rede\/","title":{"rendered":"Giovanni Trapattonis legend\u00e4re Rede | Fu\u00dfball-Geschichte"},"content":{"rendered":"<h1>Giovanni Trapattonis legend\u00e4re Rede<\/h1>\n<p>Die Pressekonferenz samt der legend\u00e4ren Rede von Giovanni Trapattoni ist \u00fcber 22 Jahre her. Ihren Kult-Charakter hat die Rede jedoch auch nach so vielen Jahren nicht eingeb\u00fc\u00dft. Vielmehr hat sie Giovanni Trapattoni in Deutschland zu nachhaltigem Ruhm verholfen, ohne dabei freilich seine zahlreichen Erfolge als Trainer zu schm\u00e4lern. Wir pr\u00e4sentieren euch die Infos und Hintergr\u00fcnde der legend\u00e4ren Pressekonferenz des damaligen Bayern-Trainers.<\/p>\n<p>&nbsp;<\/p>\n<p><img loading=\"lazy\" decoding=\"async\" src=\"https:\/\/transferiva.de\/blog\/wp-content\/uploads\/2020\/03\/Giovanni_Trapattoni_Textbild.jpg\" alt=\"Giovanni Trapattoni Rede\" class=\"aligncenter size-full wp-image-3228\" width=\"512\" height=\"454\" srcset=\"https:\/\/transferiva.de\/blog\/wp-content\/uploads\/2020\/03\/Giovanni_Trapattoni_Textbild.jpg 512w, https:\/\/transferiva.de\/blog\/wp-content\/uploads\/2020\/03\/Giovanni_Trapattoni_Textbild-300x266.jpg 300w\" sizes=\"auto, (max-width: 512px) 100vw, 512px\" \/><\/p>\n<p>&nbsp;<\/p>\n<h2>Giovanni Trapattoni als Trainer des FC Bayern<\/h2>\n<p>Giovanni Trapattoni war insgesamt zweimal Trainer des FC Bayern M\u00fcnchen. Erstmals trainierte er die Profis des FC Bayern in der Saison 1994\/1995. Es war damals seine erste Auslandsstation als Trainer. Bereits nach einem Jahr kehrte Trapattoni jedoch zur\u00fcck in seine italienische Heimat. Zur Saison 1996\/1997 dann ein neuer Anlauf bei den Bayern, den er mit insgesamt drei Titeln kr\u00f6nte. Bereits in seiner ersten Saison gewann Trapattoni mit den M\u00fcnchnern die deutsche Meisterschaft. Eine Saison sp\u00e4ter gewann er dann zun\u00e4chst den DFB-Ligapokal und am Ende der gleichen Saison den DFB-Pokal.<\/p>\n<p>&nbsp;<\/p>\n<p>&nbsp;<\/p>\n<h2>Anlass und Umst\u00e4nde der (Wut-)Rede<\/h2>\n<p>Am Samstag vor der legend\u00e4ren Wutrede des Bayern-Trainers verloren die Bayern ihr Bundesligaspiel gegen den FC Schalke 04 ausw\u00e4rts mit 0:1. Es war nach insgesamt f\u00fcnf sieglosen Spielen bereits die dritte Niederlage in Folge und der erst zur damaligen Saison aufgestiegene 1. FC Kaiserslautern unter Trainer Otto Rehhagel zog im Meisterschaftsrennen davon. Hinzu kam, dass die Bayern in der Champions League Anfang M\u00e4rz schon ausgeschieden waren. Wer die Anspr\u00fcche der M\u00fcnchner damals wie heute kennt, wei\u00df, welche Spannungen eine solche Situation an der S\u00e4bener Stra\u00dfe ausl\u00f6st.<\/p>\n<p>Wie aus der Rede deutlich hervorgeht, war Trapattoni mit der Leistung einiger seiner Spieler \u00fcberhaupt nicht zufrieden. Gleichzeitig missfiel ihm aber auch die Berichterstattung der Presse \u00fcber die Spielweise seiner Bayern. Der Italiener hatte sich daher nach zwei N\u00e4chten Schlaf einiges zurechtgelegt, was er vor der Presse unbedingt loswerden wollte. Laut dem damaligen Bayern-Pressesprecher waren es acht eng beschriebene Zettel, anstatt der ansonsten \u00fcblichen zwei bis drei Worte, die sich Trapattoni notiert hatte. Als er mit seiner Rede fertig war, fiel Trapattoni im Gang des Presseraums wohl noch etwas ein, was er aus seiner Sicht vergessen hatte. Nur mit viel M\u00fche gelang es wohl Pressesprecher H\u00f6rwick, den Italiener von weiteren Schimpf-Tiraden abzuhalten&#8230;<\/p>\n<p>&nbsp;<\/p>\n<p>&nbsp;<\/p>\n<p><em>Die legend\u00e4re Trapattoni-Rede bei der damaligen Pressekonferenz an der S\u00e4bener Stra\u00dfe seht ihr in voller L\u00e4nge in folgendem Video<\/em><em>:<\/em><\/p>\n<p><iframe loading=\"lazy\" width=\"560\" height=\"315\" src=\"https:\/\/www.youtube.com\/embed\/q69v7KypXR8\" frameborder=\"0\" allow=\"accelerometer; autoplay; encrypted-media; gyroscope; picture-in-picture\" allowfullscreen=\"allowfullscreen\"><\/iframe><\/p>\n<p>&nbsp;<\/p>\n<p>&nbsp;<\/p>\n<p><em><span style=\"color: #808000;\">\u00a0Anzeige<\/span><\/em><a href=\"https:\/\/transferiva.de\/?utm_source=blog&amp;utm_medium=banner_ex_stars&amp;utm_campaign=stars_gestern\" target=\"_blank\" rel=\"noopener\"><img loading=\"lazy\" decoding=\"async\" src=\"http:\/\/transferiva.de\/blog\/wp-content\/uploads\/2020\/01\/blog-anzeige-transferiva41-600x600.jpg\" alt=\"\" class=\"aligncenter wp-image-3122 size-large\" width=\"600\" height=\"600\" srcset=\"https:\/\/transferiva.de\/blog\/wp-content\/uploads\/2020\/01\/blog-anzeige-transferiva41-600x600.jpg 600w, https:\/\/transferiva.de\/blog\/wp-content\/uploads\/2020\/01\/blog-anzeige-transferiva41-150x150.jpg 150w, https:\/\/transferiva.de\/blog\/wp-content\/uploads\/2020\/01\/blog-anzeige-transferiva41-300x300.jpg 300w, https:\/\/transferiva.de\/blog\/wp-content\/uploads\/2020\/01\/blog-anzeige-transferiva41-768x768.jpg 768w, https:\/\/transferiva.de\/blog\/wp-content\/uploads\/2020\/01\/blog-anzeige-transferiva41.jpg 1080w\" sizes=\"auto, (max-width: 600px) 100vw, 600px\" \/><\/a><\/p>\n<p><a href=\"https:\/\/transferiva.de\/?utm_source=blog&amp;utm_medium=banner_ex_stars&amp;utm_campaign=stars_gestern\" target=\"_blank\" rel=\"noopener\"><span><em><span style=\"text-decoration: underline;\"><span style=\"color: #808000; text-decoration: underline;\">&gt;&gt; Jetzt mehr erfahren zur gratis Transferb\u00f6rse im Amateurfu\u00dfball<\/span><\/span><\/em><\/span><\/a><\/p>\n<p>&nbsp;<\/p>\n<h2>Kuriose Folgen von Giovanni Trapattonis Rede<\/h2>\n<p>Der Kultcharakter von Giovanni Trapattonis Rede wird auch dadurch unterstrichen, dass die Rede zahlreiche kuriose Folgen nach sich zog. Einige Folgen reichten dabei weit \u00fcber das Fu\u00dfballgesch\u00e4ft hinaus. So haben sich selbst Sprachwissenschaftler noch Jahre sp\u00e4ter eingehend mit der Rede besch\u00e4ftigt, um die Emotionen Trapattonis und seine Sprachkreationen, gepaart mit italienischer Rhetorik, zu verstehen. Au\u00dferdem hat die Redewendung &#8222;Ich habe fertig&#8220; erst durch Trapattoni Einzug in den deutschen Sprachgebrauch gefunden und war sogar Teil einer Werbekampagne der SPD im Bundestagswahlkampf 1998. Selbstverst\u00e4ndlich nutzten auch zahlreiche Comedians und Musiker die sprachlichen Vorlagen von Trapattoni f\u00fcr Lieder und andere Darbietungen.<\/p>\n<p>Im sportlichen Bereich hatte jedenfalls auch Thomas Strunz als &#8222;Struuuunz&#8220; bei den Fans seit der Rede ein neues Markenzeichen. Geschadet hat es ihm langfristig jedenfalls nicht, wie der Ex-Profi in mehreren Interviews gestand. Auch sonst k\u00f6nnen alle Beteiligten mittlerweile herzhaft \u00fcber die Situation von damals lachen, inklusive Giovanni Trapattoni selbst.<\/p>\n<p>&nbsp;<\/p>\n<p>__________________________________<\/p>\n<p><em>Titelbild:\u00a0<span>G. Luca Moggi Pressefoto.<\/span><\/em><\/p>\n<p><em>Bild im Text: Michael Kranewitter, Wikimedia Commons, CC-by-sa 4.0.<\/em><\/p>\n<p><em>Sonstige Quellen:\u00a0https:\/\/www.sport1.de\/fussball\/bundesliga\/2018\/01\/giovanni-trapattoni-die-geschichte-hinter-der-wutrede.<\/em><\/p>\n<p>__________________________________<\/p>\n<p>Wenn ihr euch nicht nur f\u00fcr Trapattonis Rede interessiert, sondern auch daf\u00fcr, was ehemalige Spitzenspieler der deutschen Nationalmannschaft &#8211; wie etwa <span style=\"color: #808000;\"><span style=\"color: #808000;\"><a href=\"https:\/\/transferiva.de\/blog\/was-macht-torsten-frings-heute\/\" target=\"_blank\" style=\"color: #808000;\" rel=\"noopener\"><u>Torsten Frings<\/u><\/a><\/span>\u00a0<\/span>oder <a href=\"https:\/\/transferiva.de\/blog\/was-macht-andreas-moeller-heute\/\" target=\"_blank\" rel=\"noopener\"><span style=\"text-decoration: underline; color: #808000;\">Andreas M\u00f6ller<\/span><\/a> &#8211; so machen, dann klickt euch dort gerne mal rein.<\/p>\n","protected":false},"excerpt":{"rendered":"<p>Giovanni Trapattonis legend\u00e4re Rede Die Pressekonferenz samt der legend\u00e4ren Rede von Giovanni Trapattoni ist \u00fcber 22 Jahre her. Ihren Kult-Charakter hat die Rede jedoch auch nach so vielen Jahren nicht eingeb\u00fc\u00dft. Vielmehr hat sie Giovanni Trapattoni in Deutschland zu nachhaltigem Ruhm verholfen, ohne dabei freilich seine zahlreichen Erfolge als Trainer [&hellip;]<\/p>\n","protected":false},"author":1,"featured_media":3227,"comment_status":"open","ping_status":"open","sticky":false,"template":"","format":"standard","meta":{"footnotes":""},"categories":[96],"tags":[],"class_list":["post-3226","post","type-post","status-publish","format-standard","has-post-thumbnail","hentry","category-fussball-geschichte"],"yoast_head":"<!-- This site is optimized with the Yoast SEO plugin v24.0 - https:\/\/yoast.com\/wordpress\/plugins\/seo\/ -->\n<title>Giovanni Trapattonis legend\u00e4re Rede | Fu\u00dfball-Geschichte<\/title>\n<meta name=\"description\" content=\"Wir blicken zur\u00fcck auf die legend\u00e4re Rede von Giovanni Trapattoni als Bayern-Trainer vor gut 20 Jahren. Von uns bekommt ihr alle Infos und Hintergr\u00fcnde.\" \/>\n<meta name=\"robots\" content=\"index, follow, max-snippet:-1, max-image-preview:large, max-video-preview:-1\" \/>\n<link rel=\"canonical\" href=\"https:\/\/transferiva.de\/blog\/giovanni-trapattoni-rede\/\" \/>\n<meta property=\"og:locale\" content=\"de_DE\" \/>\n<meta property=\"og:type\" content=\"article\" \/>\n<meta property=\"og:title\" content=\"Giovanni Trapattonis legend\u00e4re Rede | Fu\u00dfball-Geschichte\" \/>\n<meta property=\"og:description\" content=\"Wir blicken zur\u00fcck auf die legend\u00e4re Rede von Giovanni Trapattoni als Bayern-Trainer vor gut 20 Jahren. Von uns bekommt ihr alle Infos und Hintergr\u00fcnde.\" \/>\n<meta property=\"og:url\" content=\"https:\/\/transferiva.de\/blog\/giovanni-trapattoni-rede\/\" \/>\n<meta property=\"article:published_time\" content=\"2020-03-12T20:30:26+00:00\" \/>\n<meta property=\"article:modified_time\" content=\"2020-03-18T14:39:27+00:00\" \/>\n<meta property=\"og:image\" content=\"https:\/\/transferiva.de\/blog\/wp-content\/uploads\/2020\/03\/Giovanni_Trapattoni_Titelbild.jpg\" \/>\n\t<meta property=\"og:image:width\" content=\"980\" \/>\n\t<meta property=\"og:image:height\" content=\"703\" \/>\n\t<meta property=\"og:image:type\" content=\"image\/jpeg\" \/>\n<meta name=\"author\" content=\"Daniel\" \/>\n<meta name=\"twitter:card\" content=\"summary_large_image\" \/>\n<meta name=\"twitter:label1\" content=\"Verfasst von\" \/>\n\t<meta name=\"twitter:data1\" content=\"Daniel\" \/>\n\t<meta name=\"twitter:label2\" content=\"Gesch\u00e4tzte Lesezeit\" \/>\n\t<meta name=\"twitter:data2\" content=\"3\u00a0Minuten\" \/>\n<script type=\"application\/ld+json\" class=\"yoast-schema-graph\">{\"@context\":\"https:\/\/schema.org\",\"@graph\":[{\"@type\":\"WebPage\",\"@id\":\"https:\/\/transferiva.de\/blog\/giovanni-trapattoni-rede\/\",\"url\":\"https:\/\/transferiva.de\/blog\/giovanni-trapattoni-rede\/\",\"name\":\"Giovanni Trapattonis legend\u00e4re Rede | Fu\u00dfball-Geschichte\",\"isPartOf\":{\"@id\":\"https:\/\/transferiva.de\/blog\/#website\"},\"primaryImageOfPage\":{\"@id\":\"https:\/\/transferiva.de\/blog\/giovanni-trapattoni-rede\/#primaryimage\"},\"image\":{\"@id\":\"https:\/\/transferiva.de\/blog\/giovanni-trapattoni-rede\/#primaryimage\"},\"thumbnailUrl\":\"https:\/\/transferiva.de\/blog\/wp-content\/uploads\/2020\/03\/Giovanni_Trapattoni_Titelbild.jpg\",\"datePublished\":\"2020-03-12T20:30:26+00:00\",\"dateModified\":\"2020-03-18T14:39:27+00:00\",\"author\":{\"@id\":\"https:\/\/transferiva.de\/blog\/#\/schema\/person\/3489a5550df547e988a447275894c9c8\"},\"description\":\"Wir blicken zur\u00fcck auf die legend\u00e4re Rede von Giovanni Trapattoni als Bayern-Trainer vor gut 20 Jahren. Von uns bekommt ihr alle Infos und Hintergr\u00fcnde.\",\"breadcrumb\":{\"@id\":\"https:\/\/transferiva.de\/blog\/giovanni-trapattoni-rede\/#breadcrumb\"},\"inLanguage\":\"de\",\"potentialAction\":[{\"@type\":\"ReadAction\",\"target\":[\"https:\/\/transferiva.de\/blog\/giovanni-trapattoni-rede\/\"]}]},{\"@type\":\"ImageObject\",\"inLanguage\":\"de\",\"@id\":\"https:\/\/transferiva.de\/blog\/giovanni-trapattoni-rede\/#primaryimage\",\"url\":\"https:\/\/transferiva.de\/blog\/wp-content\/uploads\/2020\/03\/Giovanni_Trapattoni_Titelbild.jpg\",\"contentUrl\":\"https:\/\/transferiva.de\/blog\/wp-content\/uploads\/2020\/03\/Giovanni_Trapattoni_Titelbild.jpg\",\"width\":980,\"height\":703,\"caption\":\"Giovanni Trapattoni Rede\"},{\"@type\":\"BreadcrumbList\",\"@id\":\"https:\/\/transferiva.de\/blog\/giovanni-trapattoni-rede\/#breadcrumb\",\"itemListElement\":[{\"@type\":\"ListItem\",\"position\":1,\"name\":\"Startseite\",\"item\":\"https:\/\/transferiva.de\/blog\/\"},{\"@type\":\"ListItem\",\"position\":2,\"name\":\"Giovanni Trapattonis legend\u00e4re Rede | Fu\u00dfball-Geschichte\"}]},{\"@type\":\"WebSite\",\"@id\":\"https:\/\/transferiva.de\/blog\/#website\",\"url\":\"https:\/\/transferiva.de\/blog\/\",\"name\":\"\",\"description\":\"Der Fu\u00dfball und seine Geschichten  - Portraits, Hintergr\u00fcnde, Produkte &amp; Rankings\",\"potentialAction\":[{\"@type\":\"SearchAction\",\"target\":{\"@type\":\"EntryPoint\",\"urlTemplate\":\"https:\/\/transferiva.de\/blog\/?s={search_term_string}\"},\"query-input\":{\"@type\":\"PropertyValueSpecification\",\"valueRequired\":true,\"valueName\":\"search_term_string\"}}],\"inLanguage\":\"de\"},{\"@type\":\"Person\",\"@id\":\"https:\/\/transferiva.de\/blog\/#\/schema\/person\/3489a5550df547e988a447275894c9c8\",\"name\":\"Daniel\",\"image\":{\"@type\":\"ImageObject\",\"inLanguage\":\"de\",\"@id\":\"https:\/\/transferiva.de\/blog\/#\/schema\/person\/image\/\",\"url\":\"https:\/\/secure.gravatar.com\/avatar\/64786034bb328158f52d1120502b638e?s=96&d=mm&r=g\",\"contentUrl\":\"https:\/\/secure.gravatar.com\/avatar\/64786034bb328158f52d1120502b638e?s=96&d=mm&r=g\",\"caption\":\"Daniel\"},\"url\":\"https:\/\/transferiva.de\/blog\/author\/web23574778\/\"}]}<\/script>\n<!-- \/ Yoast SEO plugin. -->","yoast_head_json":{"title":"Giovanni Trapattonis legend\u00e4re Rede | Fu\u00dfball-Geschichte","description":"Wir blicken zur\u00fcck auf die legend\u00e4re Rede von Giovanni Trapattoni als Bayern-Trainer vor gut 20 Jahren. Von uns bekommt ihr alle Infos und Hintergr\u00fcnde.","robots":{"index":"index","follow":"follow","max-snippet":"max-snippet:-1","max-image-preview":"max-image-preview:large","max-video-preview":"max-video-preview:-1"},"canonical":"https:\/\/transferiva.de\/blog\/giovanni-trapattoni-rede\/","og_locale":"de_DE","og_type":"article","og_title":"Giovanni Trapattonis legend\u00e4re Rede | Fu\u00dfball-Geschichte","og_description":"Wir blicken zur\u00fcck auf die legend\u00e4re Rede von Giovanni Trapattoni als Bayern-Trainer vor gut 20 Jahren. Von uns bekommt ihr alle Infos und Hintergr\u00fcnde.","og_url":"https:\/\/transferiva.de\/blog\/giovanni-trapattoni-rede\/","article_published_time":"2020-03-12T20:30:26+00:00","article_modified_time":"2020-03-18T14:39:27+00:00","og_image":[{"width":980,"height":703,"url":"https:\/\/transferiva.de\/blog\/wp-content\/uploads\/2020\/03\/Giovanni_Trapattoni_Titelbild.jpg","type":"image\/jpeg"}],"author":"Daniel","twitter_card":"summary_large_image","twitter_misc":{"Verfasst von":"Daniel","Gesch\u00e4tzte Lesezeit":"3\u00a0Minuten"},"schema":{"@context":"https:\/\/schema.org","@graph":[{"@type":"WebPage","@id":"https:\/\/transferiva.de\/blog\/giovanni-trapattoni-rede\/","url":"https:\/\/transferiva.de\/blog\/giovanni-trapattoni-rede\/","name":"Giovanni Trapattonis legend\u00e4re Rede | Fu\u00dfball-Geschichte","isPartOf":{"@id":"https:\/\/transferiva.de\/blog\/#website"},"primaryImageOfPage":{"@id":"https:\/\/transferiva.de\/blog\/giovanni-trapattoni-rede\/#primaryimage"},"image":{"@id":"https:\/\/transferiva.de\/blog\/giovanni-trapattoni-rede\/#primaryimage"},"thumbnailUrl":"https:\/\/transferiva.de\/blog\/wp-content\/uploads\/2020\/03\/Giovanni_Trapattoni_Titelbild.jpg","datePublished":"2020-03-12T20:30:26+00:00","dateModified":"2020-03-18T14:39:27+00:00","author":{"@id":"https:\/\/transferiva.de\/blog\/#\/schema\/person\/3489a5550df547e988a447275894c9c8"},"description":"Wir blicken zur\u00fcck auf die legend\u00e4re Rede von Giovanni Trapattoni als Bayern-Trainer vor gut 20 Jahren. Von uns bekommt ihr alle Infos und Hintergr\u00fcnde.","breadcrumb":{"@id":"https:\/\/transferiva.de\/blog\/giovanni-trapattoni-rede\/#breadcrumb"},"inLanguage":"de","potentialAction":[{"@type":"ReadAction","target":["https:\/\/transferiva.de\/blog\/giovanni-trapattoni-rede\/"]}]},{"@type":"ImageObject","inLanguage":"de","@id":"https:\/\/transferiva.de\/blog\/giovanni-trapattoni-rede\/#primaryimage","url":"https:\/\/transferiva.de\/blog\/wp-content\/uploads\/2020\/03\/Giovanni_Trapattoni_Titelbild.jpg","contentUrl":"https:\/\/transferiva.de\/blog\/wp-content\/uploads\/2020\/03\/Giovanni_Trapattoni_Titelbild.jpg","width":980,"height":703,"caption":"Giovanni Trapattoni Rede"},{"@type":"BreadcrumbList","@id":"https:\/\/transferiva.de\/blog\/giovanni-trapattoni-rede\/#breadcrumb","itemListElement":[{"@type":"ListItem","position":1,"name":"Startseite","item":"https:\/\/transferiva.de\/blog\/"},{"@type":"ListItem","position":2,"name":"Giovanni Trapattonis legend\u00e4re Rede | Fu\u00dfball-Geschichte"}]},{"@type":"WebSite","@id":"https:\/\/transferiva.de\/blog\/#website","url":"https:\/\/transferiva.de\/blog\/","name":"","description":"Der Fu\u00dfball und seine Geschichten  - Portraits, Hintergr\u00fcnde, Produkte &amp; Rankings","potentialAction":[{"@type":"SearchAction","target":{"@type":"EntryPoint","urlTemplate":"https:\/\/transferiva.de\/blog\/?s={search_term_string}"},"query-input":{"@type":"PropertyValueSpecification","valueRequired":true,"valueName":"search_term_string"}}],"inLanguage":"de"},{"@type":"Person","@id":"https:\/\/transferiva.de\/blog\/#\/schema\/person\/3489a5550df547e988a447275894c9c8","name":"Daniel","image":{"@type":"ImageObject","inLanguage":"de","@id":"https:\/\/transferiva.de\/blog\/#\/schema\/person\/image\/","url":"https:\/\/secure.gravatar.com\/avatar\/64786034bb328158f52d1120502b638e?s=96&d=mm&r=g","contentUrl":"https:\/\/secure.gravatar.com\/avatar\/64786034bb328158f52d1120502b638e?s=96&d=mm&r=g","caption":"Daniel"},"url":"https:\/\/transferiva.de\/blog\/author\/web23574778\/"}]}},"_links":{"self":[{"href":"https:\/\/transferiva.de\/blog\/wp-json\/wp\/v2\/posts\/3226","targetHints":{"allow":["GET"]}}],"collection":[{"href":"https:\/\/transferiva.de\/blog\/wp-json\/wp\/v2\/posts"}],"about":[{"href":"https:\/\/transferiva.de\/blog\/wp-json\/wp\/v2\/types\/post"}],"author":[{"embeddable":true,"href":"https:\/\/transferiva.de\/blog\/wp-json\/wp\/v2\/users\/1"}],"replies":[{"embeddable":true,"href":"https:\/\/transferiva.de\/blog\/wp-json\/wp\/v2\/comments?post=3226"}],"version-history":[{"count":5,"href":"https:\/\/transferiva.de\/blog\/wp-json\/wp\/v2\/posts\/3226\/revisions"}],"predecessor-version":[{"id":3257,"href":"https:\/\/transferiva.de\/blog\/wp-json\/wp\/v2\/posts\/3226\/revisions\/3257"}],"wp:featuredmedia":[{"embeddable":true,"href":"https:\/\/transferiva.de\/blog\/wp-json\/wp\/v2\/media\/3227"}],"wp:attachment":[{"href":"https:\/\/transferiva.de\/blog\/wp-json\/wp\/v2\/media?parent=3226"}],"wp:term":[{"taxonomy":"category","embeddable":true,"href":"https:\/\/transferiva.de\/blog\/wp-json\/wp\/v2\/categories?post=3226"},{"taxonomy":"post_tag","embeddable":true,"href":"https:\/\/transferiva.de\/blog\/wp-json\/wp\/v2\/tags?post=3226"}],"curies":[{"name":"wp","href":"https:\/\/api.w.org\/{rel}","templated":true}]}}